{"id":70,"date":"2001-03-01T03:26:47","date_gmt":"2001-03-01T03:26:47","guid":{"rendered":"http:\/\/pakodominguez.photo\/blog\/?p=70"},"modified":"2017-06-14T14:46:41","modified_gmt":"2017-06-14T18:46:41","slug":"violencia-y-estado","status":"publish","type":"post","link":"https:\/\/pakodominguez.photo\/blog\/?p=70","title":{"rendered":"Violencia y Estado"},"content":{"rendered":"<p><em>La violencia forma parte del ser humano, y \u00e9ste la expresa de diversas formas, desde un buenos d\u00edas con desgano hasta el serial killer que ya se anot\u00f3 la en\u00e9sima v\u00edctima, pasando por expresiones mas civilizadas como la pintura, la m\u00fasica y la forma de bailarla.<\/em><\/p>\n<p>Le\u00ed un d\u00eda un articulo en donde el autor sal\u00eda en defensa de la violencia en la televisi\u00f3n.\u00c9l planteaba que no es racional eliminarla de la pantalla cuando vivimos en un mundo naturalmente violento. La violencia forma parte del ser humano, y \u00e9ste la expresa de diversas formas, desde un buenos d\u00edas con desgano hasta el serial killer que ya se anot\u00f3 la en\u00e9sima v\u00edctima, pasando por expresiones mas civilizadas como la pintura, la m\u00fasica y la forma de bailarla. Vi\u00e9ndolo as\u00ed, la violencia pertenece al inconsciente colectivo, la vor\u00e1gine del cotidiano no tiene nada de extraordinario y la insensatez del odio marca la \u00e9poca en que vivimos.<\/p>\n<p>Durante los a\u00f1os en que el Per\u00fa sofri\u00f3 el terrorismo, toda esa violencia fuefiltr\u00e1ndose en nuestra vida. Nos acostumbramos a escondernos. Encontramos la excusa en el miedo, en la culpa del &#8220;otro&#8221;. Yo no sufr\u00ed los a\u00f1os de mayor violencia de Sendero, pues viv\u00eda en Argentina. Vi de cerca otras violencias, como la destrucci\u00f3n de la embajada de Israel en Buenos Aires: estuve entre los escombros de un magnifico edificio. Vi de cerca manifestaciones que se tornaron violentas y que pudieron costarme caro. Y vi como de un lado y del otro, la violencia es aprovechada en beneficios de unos pocos. Y sigo sin entender.<\/p>\n<p>Sigo sin entender c\u00f3mo la violencia puede transformarse en raz\u00f3n de estado. \u00bfQui\u00e9n puede creer hoy en d\u00eda que el terrorismo ha sido derrotado en el Per\u00fa? Ha habido una victoria militar, pero las razones que estuvieron al origen de la aventura mao\u00edsta en el Per\u00fa siguen latentes. El pueblo peruano empieza tal ves a darse cuenta de como ha sido manipulado con la excusa de la violencia: la guerra interna, la externa contra Ecuador -\u00a1qu\u00e9 estupidez!- al delincuencia, Laura Bozo en la tele (me jacto de jam\u00e1s haber visto uno de sus programas, y quiero guardar esa castidad.) como expresi\u00f3n de la cultura peruana. No imaginan la verg\u00fcenza que siento cada vez que alguien me hace el comentario de su \u00faltimo show\u2026<\/p>\n<p>Civiliz\u00e9mosnos pues. M\u00e1s de una d\u00e9cada de guerra interna, diez a\u00f1os de fujimorismo, \u00bfCu\u00e1nto tiempo ya de proyecto de naci\u00f3n peruana llevado al fracaso?\u2026 Dif\u00edcil llegar m\u00e1s abajo en este pozo ciego. No pensemos en el futuro del pa\u00eds. Pensemos en el presente. En el cotidiano que vivimos y que no queremos. -Y cambiemos para que cambie.<\/p>\n","protected":false},"excerpt":{"rendered":"<p>La violencia forma parte del ser humano, y \u00e9ste la expresa de diversas formas, desde un buenos d\u00edas con desgano hasta el serial killer que ya se anot\u00f3 la en\u00e9sima v\u00edctima, pasando por expresiones mas civilizadas como la pintura, la m\u00fasica y la forma de bailarla. Le\u00ed un d\u00eda un articulo en donde el autor &hellip; <a href=\"https:\/\/pakodominguez.photo\/blog\/?p=70\" class=\"more-link\">Continue reading <span class=\"screen-reader-text\">Violencia y Estado<\/span> <span class=\"meta-nav\">&rarr;<\/span><\/a><\/p>\n","protected":false},"author":1,"featured_media":0,"comment_status":"open","ping_status":"open","sticky":false,"template":"","format":"standard","meta":{"spay_email":"","jetpack_publicize_message":"","jetpack_is_tweetstorm":false,"jetpack_publicize_feature_enabled":true},"categories":[13,90],"tags":[],"jetpack_featured_media_url":"","jetpack_publicize_connections":[],"jetpack_sharing_enabled":true,"jetpack_shortlink":"https:\/\/wp.me\/p6sCvC-18","_links":{"self":[{"href":"https:\/\/pakodominguez.photo\/blog\/index.php?rest_route=\/wp\/v2\/posts\/70"}],"collection":[{"href":"https:\/\/pakodominguez.photo\/blog\/index.php?rest_route=\/wp\/v2\/posts"}],"about":[{"href":"https:\/\/pakodominguez.photo\/blog\/index.php?rest_route=\/wp\/v2\/types\/post"}],"author":[{"embeddable":true,"href":"https:\/\/pakodominguez.photo\/blog\/index.php?rest_route=\/wp\/v2\/users\/1"}],"replies":[{"embeddable":true,"href":"https:\/\/pakodominguez.photo\/blog\/index.php?rest_route=%2Fwp%2Fv2%2Fcomments&post=70"}],"version-history":[{"count":1,"href":"https:\/\/pakodominguez.photo\/blog\/index.php?rest_route=\/wp\/v2\/posts\/70\/revisions"}],"predecessor-version":[{"id":71,"href":"https:\/\/pakodominguez.photo\/blog\/index.php?rest_route=\/wp\/v2\/posts\/70\/revisions\/71"}],"wp:attachment":[{"href":"https:\/\/pakodominguez.photo\/blog\/index.php?rest_route=%2Fwp%2Fv2%2Fmedia&parent=70"}],"wp:term":[{"taxonomy":"category","embeddable":true,"href":"https:\/\/pakodominguez.photo\/blog\/index.php?rest_route=%2Fwp%2Fv2%2Fcategories&post=70"},{"taxonomy":"post_tag","embeddable":true,"href":"https:\/\/pakodominguez.photo\/blog\/index.php?rest_route=%2Fwp%2Fv2%2Ftags&post=70"}],"curies":[{"name":"wp","href":"https:\/\/api.w.org\/{rel}","templated":true}]}}